{"id":1426,"date":"2021-01-23T12:07:00","date_gmt":"2021-01-23T11:07:00","guid":{"rendered":"https:\/\/uzdm.de\/?p=1426"},"modified":"2021-01-24T01:20:57","modified_gmt":"2021-01-24T00:20:57","slug":"china-errichtet-380-lager-fuer-uiguren","status":"publish","type":"post","link":"https:\/\/uzdm.de\/en\/2021\/01\/23\/china-errichtet-380-lager-fuer-uiguren\/","title":{"rendered":"China sets up 380 camps for Uyfhurs"},"content":{"rendered":"<div data-elementor-type=\"wp-post\" data-elementor-id=\"1426\" class=\"elementor elementor-1426\">\n\t\t\t\t\t\t<section class=\"elementor-section elementor-top-section elementor-element elementor-element-727f2f7 elementor-section-boxed elementor-section-height-default elementor-section-height-default\" data-id=\"727f2f7\" data-element_type=\"section\" data-e-type=\"section\">\n\t\t\t\t\t\t<div class=\"elementor-container elementor-column-gap-default\">\n\t\t\t\t\t<div class=\"elementor-column elementor-col-100 elementor-top-column elementor-element elementor-element-ca564a9\" data-id=\"ca564a9\" data-element_type=\"column\" data-e-type=\"column\">\n\t\t\t<div class=\"elementor-widget-wrap elementor-element-populated\">\n\t\t\t\t\t\t<div class=\"elementor-element elementor-element-42a185f elementor-widget elementor-widget-heading\" data-id=\"42a185f\" data-element_type=\"widget\" data-e-type=\"widget\" data-widget_type=\"heading.default\">\n\t\t\t\t\t<h2 class=\"elementor-heading-title elementor-size-default\"><a href=\"https:\/\/www.dw.com\/de\/china-errichtet-380-lager-f%C3%BCr-uiguren\/a-55044224\">China sets up 380 camps for Uyfhurs<\/a><\/h2>\t\t\t\t<\/div>\n\t\t\t\t\t<\/div>\n\t\t<\/div>\n\t\t\t\t\t<\/div>\n\t\t<\/section>\n\t\t\t\t<section class=\"elementor-section elementor-top-section elementor-element elementor-element-dbd0f4f elementor-section-boxed elementor-section-height-default elementor-section-height-default\" data-id=\"dbd0f4f\" data-element_type=\"section\" data-e-type=\"section\">\n\t\t\t\t\t\t<div class=\"elementor-container elementor-column-gap-default\">\n\t\t\t\t\t<div class=\"elementor-column elementor-col-100 elementor-top-column elementor-element elementor-element-c47451f\" data-id=\"c47451f\" data-element_type=\"column\" data-e-type=\"column\">\n\t\t\t<div class=\"elementor-widget-wrap elementor-element-populated\">\n\t\t\t\t\t\t<div class=\"elementor-element elementor-element-5992588 elementor-widget elementor-widget-text-editor\" data-id=\"5992588\" data-element_type=\"widget\" data-e-type=\"widget\" data-widget_type=\"text-editor.default\">\n\t\t\t\t\t\t\t\t\t<h6 class=\"intro\" style=\"text-align: justify;\">Since 2017, Beijing has had 380 new detention camps built for members of Muslim minorities in China's Xinjiang province - according to an Australian study. China's leadership speaks of \"educational centers\".<\/h6><p style=\"text-align: justify;\">At least 14 facilities are still under construction, according to research by the Australian Strategic Policy Institute (ASPI) think tank. ASPI experts had identified and mapped more than new 380 sites in the Xinjiang region based on satellite imagery, construction tenders and witness reports, it added. Only re-education camps, detention centers and prisons that have been newly built or significantly expanded since 2017 were counted, it said. The findings contradict claims by Chinese leaders to scale back the mass internment campaign in the region.<\/p><p style=\"text-align: justify;\">According to estimates by human rights activists, about one million members of Muslim minorities are imprisoned in Xinjiang. The\u00a0<a href=\"\/en\/uiguren\/\">Uyghurs<\/a>\u00a0accuses the government in Beijing of separatism and terrorism.<\/p><p style=\"text-align: justify;\"><strong>Ten million Uyghurs live in China<\/strong><\/p><p style=\"text-align: justify;\">Critics speak of re-education camps in which Uyghurs are to be brought into line with the Communist Party by sometimes brutal means. Beijing always denies the existence of detention camps in Xinjiang. The government now says that the camps are \"educational centers\" that serve to fight Islamist radicalization. The Australian institute is \"the vanguard of anti-Chinese forces\" and its academic credibility is \"highly questionable,\" Chinese Foreign Ministry spokesman Wang Wenbin said.<\/p><p style=\"text-align: justify;\">An estimated ten million Uyghurs live in China, most of them in Xinjiang. They are ethnically related to the Turks and feel economically, politically and culturally oppressed by the ruling Han Chinese. After coming to power in 1949, the Communists incorporated the former East Turkestan into China.<span dir=\"ltr\">\u00a0<\/span><span dir=\"ltr\">\u00a0<\/span><span dir=\"ltr\">\u00a0<\/span><\/p><div id=\"sharing-bar\" class=\"min\"><p class=\"sharing-item toggler\">\u00a0<\/p><\/div>\t\t\t\t\t\t\t\t<\/div>\n\t\t\t\t\t<\/div>\n\t\t<\/div>\n\t\t\t\t\t<\/div>\n\t\t<\/section>\n\t\t\t\t<section class=\"elementor-section elementor-top-section elementor-element elementor-element-d17604b elementor-section-boxed elementor-section-height-default elementor-section-height-default\" data-id=\"d17604b\" data-element_type=\"section\" data-e-type=\"section\">\n\t\t\t\t\t\t<div class=\"elementor-container elementor-column-gap-default\">\n\t\t\t\t\t<div class=\"elementor-column elementor-col-100 elementor-top-column elementor-element elementor-element-c640928\" data-id=\"c640928\" data-element_type=\"column\" data-e-type=\"column\">\n\t\t\t<div class=\"elementor-widget-wrap elementor-element-populated\">\n\t\t\t\t\t\t<div class=\"elementor-element elementor-element-0f96de3 elementor-widget elementor-widget-text-editor\" data-id=\"0f96de3\" data-element_type=\"widget\" data-e-type=\"widget\" data-widget_type=\"text-editor.default\">\n\t\t\t\t\t\t\t\t\t<p><a href=\"https:\/\/www.dw.com\/de\/china-errichtet-380-lager-f%C3%BCr-uiguren\/a-55044224\" target=\"_blank\" rel=\"noopener\">https:\/\/www.dw.com\/de\/china-errichtet-380-lager-f%C3%BCr-uiguren\/a-55044224<\/a><\/p>\t\t\t\t\t\t\t\t<\/div>\n\t\t\t\t\t<\/div>\n\t\t<\/div>\n\t\t\t\t\t<\/div>\n\t\t<\/section>\n\t\t\t\t<\/div>","protected":false},"excerpt":{"rendered":"<p>China errichtet 380 Lager f\u00fcr Uiguren Seit 2017 lie\u00df Peking 380 neue Internierungslager f\u00fcr Angeh\u00f6rige muslimischer Minderheiten in der chinesischen Provinz Xinjiang bauen &#8211; so eine australische Studie. Chinas F\u00fchrung spricht von &#8222;Bildungszentren&#8220;. Mindestens 14 Einrichtungen sind noch im Bau, wie aus einer Recherche des australischen Think Tanks &#8222;Australian Strategic Policy Institute&#8220; (ASPI) hervorgeht. ASPI-Experten [&hellip;]<\/p>\n","protected":false},"author":181093875,"featured_media":0,"comment_status":"open","ping_status":"open","sticky":false,"template":"","format":"standard","meta":{"advanced_seo_description":"","jetpack_seo_html_title":"","jetpack_seo_noindex":false,"jetpack_seo_schema_type":"","_jetpack_newsletter_access":"","_jetpack_dont_email_post_to_subs":false,"_jetpack_newsletter_tier_id":0,"_jetpack_memberships_contains_paywalled_content":false,"_wpcom_ai_launchpad_first_post":false,"_jetpack_feature_clip_id":0,"_jetpack_memberships_contains_paid_content":false,"footnotes":"","jetpack_post_was_ever_published":false},"categories":[711753999],"tags":[],"class_list":["post-1426","post","type-post","status-publish","format-standard","hentry","category-publikationen-ueber-internierungslager"],"jetpack_likes_enabled":true,"jetpack_sharing_enabled":true,"jetpack_shortlink":"https:\/\/wp.me\/pbKm7C-n0","jetpack_featured_media_url":"","_links":{"self":[{"href":"https:\/\/uzdm.de\/en\/wp-json\/wp\/v2\/posts\/1426","targetHints":{"allow":["GET"]}}],"collection":[{"href":"https:\/\/uzdm.de\/en\/wp-json\/wp\/v2\/posts"}],"about":[{"href":"https:\/\/uzdm.de\/en\/wp-json\/wp\/v2\/types\/post"}],"author":[{"embeddable":true,"href":"https:\/\/uzdm.de\/en\/wp-json\/wp\/v2\/users\/181093875"}],"replies":[{"embeddable":true,"href":"https:\/\/uzdm.de\/en\/wp-json\/wp\/v2\/comments?post=1426"}],"version-history":[{"count":17,"href":"https:\/\/uzdm.de\/en\/wp-json\/wp\/v2\/posts\/1426\/revisions"}],"predecessor-version":[{"id":1553,"href":"https:\/\/uzdm.de\/en\/wp-json\/wp\/v2\/posts\/1426\/revisions\/1553"}],"wp:attachment":[{"href":"https:\/\/uzdm.de\/en\/wp-json\/wp\/v2\/media?parent=1426"}],"wp:term":[{"taxonomy":"category","embeddable":true,"href":"https:\/\/uzdm.de\/en\/wp-json\/wp\/v2\/categories?post=1426"},{"taxonomy":"post_tag","embeddable":true,"href":"https:\/\/uzdm.de\/en\/wp-json\/wp\/v2\/tags?post=1426"}],"curies":[{"name":"wp","href":"https:\/\/api.w.org\/{rel}","templated":true}]}}