{"id":1799,"date":"2021-02-02T10:07:39","date_gmt":"2021-02-02T09:07:39","guid":{"rendered":"https:\/\/uzdm.de\/?p=1799"},"modified":"2021-02-05T08:55:43","modified_gmt":"2021-02-05T07:55:43","slug":"so-reagieren-schweizer-firmen-auf-chinas-uiguren-politik","status":"publish","type":"post","link":"https:\/\/uzdm.de\/en\/2021\/02\/02\/so-reagieren-schweizer-firmen-auf-chinas-uiguren-politik\/","title":{"rendered":"How Swiss Companies React to China's Uyghur Policy"},"content":{"rendered":"<div data-elementor-type=\"wp-post\" data-elementor-id=\"1799\" class=\"elementor elementor-1799\">\n\t\t\t\t\t\t<section class=\"elementor-section elementor-top-section elementor-element elementor-element-d1e6370 elementor-section-boxed elementor-section-height-default elementor-section-height-default\" data-id=\"d1e6370\" data-element_type=\"section\" data-e-type=\"section\">\n\t\t\t\t\t\t<div class=\"elementor-container elementor-column-gap-default\">\n\t\t\t\t\t<div class=\"elementor-column elementor-col-100 elementor-top-column elementor-element elementor-element-68fb794\" data-id=\"68fb794\" data-element_type=\"column\" data-e-type=\"column\">\n\t\t\t<div class=\"elementor-widget-wrap elementor-element-populated\">\n\t\t\t\t\t\t<div class=\"elementor-element elementor-element-01b4e4c elementor-widget elementor-widget-text-editor\" data-id=\"01b4e4c\" data-element_type=\"widget\" data-e-type=\"widget\" data-widget_type=\"text-editor.default\">\n\t\t\t\t\t\t\t\t\t<h2 class=\"ContentHead_lead__1S033\">Nestl\u00e9 cuts ties with a company in the Uyghur region of Xinjiang. Rieter only wants to make clarifications. But this is not possible on the spot, says a non-governmental organization.<\/h2><div class=\"ContentMetaInfo_root__2_7lT\">\u00a0<\/div>\t\t\t\t\t\t\t\t<\/div>\n\t\t\t\t\t<\/div>\n\t\t<\/div>\n\t\t\t\t\t<\/div>\n\t\t<\/section>\n\t\t\t\t<section class=\"elementor-section elementor-top-section elementor-element elementor-element-f6f4f97 elementor-section-boxed elementor-section-height-default elementor-section-height-default\" data-id=\"f6f4f97\" data-element_type=\"section\" data-e-type=\"section\">\n\t\t\t\t\t\t<div class=\"elementor-container elementor-column-gap-default\">\n\t\t\t\t\t<div class=\"elementor-column elementor-col-100 elementor-top-column elementor-element elementor-element-9ece114\" data-id=\"9ece114\" data-element_type=\"column\" data-e-type=\"column\">\n\t\t\t<div class=\"elementor-widget-wrap elementor-element-populated\">\n\t\t\t\t\t\t<div class=\"elementor-element elementor-element-69b2316 elementor-widget elementor-widget-text-editor\" data-id=\"69b2316\" data-element_type=\"widget\" data-e-type=\"widget\" data-widget_type=\"text-editor.default\">\n\t\t\t\t\t\t\t\t\t<p>They are picked up from villages, taken to mass shelters and forced to work in cotton fields. This is the reality for many Uyghurs in the western Chinese region of Xinjiang. At least 570,000 people work under duress in the cotton fields, estimates renowned Xinjiang researcher Adrian Zenz in a study published in mid-December.<\/p><p>Forced labor is only one way the Chinese regime oppresses the Uyghurs. The other is interning Uyghurs in re-education camps. According to the China Cables published in late 2019, Beijing holds one to three million Uyghurs in such camps, depending on estimates.<\/p><p>The revelations have led to a rethink internationally. The U.S. has blacklisted several companies in Xinjiang over the past year. Since January 13, there has also been a ban on imports of tomatoes and cotton from Xinjiang. It is also forbidden to import products manufactured elsewhere with raw materials from the Uyghur region.<\/p><p>And Switzerland? China is the world's third most important trading partner after the European Union and the USA. Local companies are also active in Xinjiang. Some have drawn conclusions from the revelations. Others continue to do business.<\/p><h3 class=\"HtmlText_root__2zbjl CrossheadElement_root__IeYL_ ArticleContainer_content-width__pYdH3\">Nestl\u00e9: No more products from Xinjiang<\/h3><p>For the first time, food giant Nestl\u00e9 confirms that it has sourced tomato concentrate from the Xinjiang-based state-owned company Cofco Tunhe. That's over now: \"We made the decision some time ago not to source any more products from Xinjiang,\" says a Nestl\u00e9 spokesman. He does not want to comment further on the decision. As a source confirms, Nestl\u00e9 already cut business ties with Cofco Tunhe in the second quarter of 2020. The decision was probably also a direct reaction to the China Cables revelations, the source says.<\/p><p>Rieter is still active in Xinjiang. According to its own website, the Winterthur-based textile machinery manufacturer supplies spinning machines to the two textile companies Aksu Huafu Textiles Co and Changji Esquel Textile Co. Both companies have publicly denied using Uyghur forced laborers. However, a report by the Australian Strategic Policy Institute comes to the opposite conclusion, as does the US government: it has placed the companies on the blacklist. <a href=\"https:\/\/www.tagesanzeiger.ch\/so-reagieren-schweizer-firmen-auf-chinas-uiguren-politik-342095629442\" target=\"_blank\" rel=\"noopener\">read more<\/a><\/p>\t\t\t\t\t\t\t\t<\/div>\n\t\t\t\t\t<\/div>\n\t\t<\/div>\n\t\t\t\t\t<\/div>\n\t\t<\/section>\n\t\t\t\t<section class=\"elementor-section elementor-top-section elementor-element elementor-element-c8e4d1b elementor-section-boxed elementor-section-height-default elementor-section-height-default\" data-id=\"c8e4d1b\" data-element_type=\"section\" data-e-type=\"section\">\n\t\t\t\t\t\t<div class=\"elementor-container elementor-column-gap-default\">\n\t\t\t\t\t<div class=\"elementor-column elementor-col-100 elementor-top-column elementor-element elementor-element-a277c9c\" data-id=\"a277c9c\" data-element_type=\"column\" data-e-type=\"column\">\n\t\t\t<div class=\"elementor-widget-wrap elementor-element-populated\">\n\t\t\t\t\t\t<div class=\"elementor-element elementor-element-7f1b3e3 elementor-widget elementor-widget-text-editor\" data-id=\"7f1b3e3\" data-element_type=\"widget\" data-e-type=\"widget\" data-widget_type=\"text-editor.default\">\n\t\t\t\t\t\t\t\t\t<p><a href=\"https:\/\/www.tagesanzeiger.ch\/so-reagieren-schweizer-firmen-auf-chinas-uiguren-politik-342095629442\" target=\"_blank\" rel=\"noopener\">https:\/\/www.tagesanzeiger.ch\/so-reagieren-schweizer-firmen-auf-chinas-uiguren-politik-342095629442<\/a><\/p>\t\t\t\t\t\t\t\t<\/div>\n\t\t\t\t\t<\/div>\n\t\t<\/div>\n\t\t\t\t\t<\/div>\n\t\t<\/section>\n\t\t\t\t<\/div>","protected":false},"excerpt":{"rendered":"<p>Nestl\u00e9 kappt die Beziehungen mit einer Firma in der Uigurenregion Xinjiang. Rieter will lediglich Abkl\u00e4rungen treffen. Doch sei dies vor Ort gar nicht m\u00f6glich, sagt eine Nichtregierungsorganisation. \u00a0 Sie werden aus D\u00f6rfern abgeholt, in Massenunterk\u00fcnfte gebracht und zur Arbeit auf Baumwollfeldern gezwungen. Das ist die Realit\u00e4t vieler Uiguren in der westchinesischen Region Xinjiang. Mindestens 570\u2019000 [&hellip;]<\/p>\n","protected":false},"author":181093875,"featured_media":0,"comment_status":"open","ping_status":"open","sticky":false,"template":"","format":"standard","meta":{"advanced_seo_description":"","jetpack_seo_html_title":"","jetpack_seo_noindex":false,"jetpack_seo_schema_type":"","_jetpack_newsletter_access":"","_jetpack_dont_email_post_to_subs":false,"_jetpack_newsletter_tier_id":0,"_jetpack_memberships_contains_paywalled_content":false,"_wpcom_ai_launchpad_first_post":false,"_jetpack_feature_clip_id":0,"_jetpack_memberships_contains_paid_content":false,"footnotes":"","jetpack_post_was_ever_published":false},"categories":[47664252],"tags":[],"class_list":["post-1799","post","type-post","status-publish","format-standard","hentry","category-news"],"jetpack_likes_enabled":true,"jetpack_sharing_enabled":true,"jetpack_shortlink":"https:\/\/wp.me\/pbKm7C-t1","jetpack_featured_media_url":"","_links":{"self":[{"href":"https:\/\/uzdm.de\/en\/wp-json\/wp\/v2\/posts\/1799","targetHints":{"allow":["GET"]}}],"collection":[{"href":"https:\/\/uzdm.de\/en\/wp-json\/wp\/v2\/posts"}],"about":[{"href":"https:\/\/uzdm.de\/en\/wp-json\/wp\/v2\/types\/post"}],"author":[{"embeddable":true,"href":"https:\/\/uzdm.de\/en\/wp-json\/wp\/v2\/users\/181093875"}],"replies":[{"embeddable":true,"href":"https:\/\/uzdm.de\/en\/wp-json\/wp\/v2\/comments?post=1799"}],"version-history":[{"count":10,"href":"https:\/\/uzdm.de\/en\/wp-json\/wp\/v2\/posts\/1799\/revisions"}],"predecessor-version":[{"id":1820,"href":"https:\/\/uzdm.de\/en\/wp-json\/wp\/v2\/posts\/1799\/revisions\/1820"}],"wp:attachment":[{"href":"https:\/\/uzdm.de\/en\/wp-json\/wp\/v2\/media?parent=1799"}],"wp:term":[{"taxonomy":"category","embeddable":true,"href":"https:\/\/uzdm.de\/en\/wp-json\/wp\/v2\/categories?post=1799"},{"taxonomy":"post_tag","embeddable":true,"href":"https:\/\/uzdm.de\/en\/wp-json\/wp\/v2\/tags?post=1799"}],"curies":[{"name":"wp","href":"https:\/\/api.w.org\/{rel}","templated":true}]}}