{"id":2137,"date":"2021-03-18T12:21:02","date_gmt":"2021-03-18T11:21:02","guid":{"rendered":"https:\/\/uzdm.de\/?p=2137"},"modified":"2021-03-18T12:22:25","modified_gmt":"2021-03-18T11:22:25","slug":"eu-will-sanktionen-gegen-china-verhaengen","status":"publish","type":"post","link":"https:\/\/uzdm.de\/en\/2021\/03\/18\/eu-will-sanktionen-gegen-china-verhaengen\/","title":{"rendered":"EU to implement sanctions against China"},"content":{"rendered":"<div data-elementor-type=\"wp-post\" data-elementor-id=\"2137\" class=\"elementor elementor-2137\">\n\t\t\t\t\t\t<section class=\"elementor-section elementor-top-section elementor-element elementor-element-960223f elementor-section-boxed elementor-section-height-default elementor-section-height-default\" data-id=\"960223f\" data-element_type=\"section\" data-e-type=\"section\">\n\t\t\t\t\t\t<div class=\"elementor-container elementor-column-gap-default\">\n\t\t\t\t\t<div class=\"elementor-column elementor-col-100 elementor-top-column elementor-element elementor-element-60cb1ad\" data-id=\"60cb1ad\" data-element_type=\"column\" data-e-type=\"column\">\n\t\t\t<div class=\"elementor-widget-wrap elementor-element-populated\">\n\t\t\t\t\t\t<div class=\"elementor-element elementor-element-abc2704 elementor-widget elementor-widget-heading\" data-id=\"abc2704\" data-element_type=\"widget\" data-e-type=\"widget\" data-widget_type=\"heading.default\">\n\t\t\t\t\t<h2 class=\"elementor-heading-title elementor-size-default\">For the first time since 1989, the EU wants to impose sanctions against China, according to diplomats. The reason is the oppression of the Muslim minority of the Uyghurs. Accordingly, the measures are to be officially decided on Monday.<\/h2>\t\t\t\t<\/div>\n\t\t\t\t\t<\/div>\n\t\t<\/div>\n\t\t\t\t\t<\/div>\n\t\t<\/section>\n\t\t\t\t<section class=\"elementor-section elementor-top-section elementor-element elementor-element-271bf9f elementor-section-boxed elementor-section-height-default elementor-section-height-default\" data-id=\"271bf9f\" data-element_type=\"section\" data-e-type=\"section\">\n\t\t\t\t\t\t<div class=\"elementor-container elementor-column-gap-default\">\n\t\t\t\t\t<div class=\"elementor-column elementor-col-100 elementor-top-column elementor-element elementor-element-c8f5978\" data-id=\"c8f5978\" data-element_type=\"column\" data-e-type=\"column\">\n\t\t\t<div class=\"elementor-widget-wrap elementor-element-populated\">\n\t\t\t\t\t\t<div class=\"elementor-element elementor-element-a0f0f46 elementor-widget elementor-widget-text-editor\" data-id=\"a0f0f46\" data-element_type=\"widget\" data-e-type=\"widget\" data-widget_type=\"text-editor.default\">\n\t\t\t\t\t\t\t\t\t<p class=\"m-ten  m-offset-one l-eight l-offset-two textabsatz columns twelve\">According to diplomats, the European Union has agreed on sanctions against China for the first time in three decades. These include entry bans and asset freezes, two EU diplomats told Reuters news agency. The AFP news agency also reported. Four Chinese government representatives and one Chinese institution are affected, they said.<\/p><h2 class=\"meldung__subhead columns twelve  m-ten  m-offset-one l-eight l-offset-two\">Apparent re-education of the Muslim minority<\/h2><p class=\"m-ten  m-offset-one l-eight l-offset-two textabsatz columns twelve\">The reason is human rights violations against the Muslim minority of the Uyghurs in China. German Foreign Minister Heiko Maas had already said on Monday that he was pushing for the imposition of sanctions because of the treatment of the ethnic group. He said the EU has the possibility to punish human rights violations, \"and we naturally want to use this instrument.\" <a href=\"https:\/\/www.tagesschau.de\/ausland\/europa\/eu-sanktionen-china-uiguren-101.html\" target=\"_blank\" rel=\"noopener\">read more<\/a><\/p>\t\t\t\t\t\t\t\t<\/div>\n\t\t\t\t\t<\/div>\n\t\t<\/div>\n\t\t\t\t\t<\/div>\n\t\t<\/section>\n\t\t\t\t<\/div>","protected":false},"excerpt":{"rendered":"<p>Erstmals seit 1989 will die EU laut Diplomaten Sanktionen gegen China verh\u00e4ngen. Grund ist die Unterdr\u00fcckung der muslimischen Minderheit der Uiguren. Die Ma\u00dfnahmen sollen demnach am Montag offiziell beschlossen werden. Die Europ\u00e4ische Union hat sich Diplomaten zufolge erstmals seit drei Jahrzehnten auf Sanktionen gegen China verst\u00e4ndigt. Dabei gehe es um Einreiseverbote und das Einfrieren von [&hellip;]<\/p>\n","protected":false},"author":181093875,"featured_media":0,"comment_status":"open","ping_status":"open","sticky":false,"template":"","format":"standard","meta":{"advanced_seo_description":"","jetpack_seo_html_title":"","jetpack_seo_noindex":false,"jetpack_seo_schema_type":"","_jetpack_newsletter_access":"","_jetpack_dont_email_post_to_subs":false,"_jetpack_newsletter_tier_id":0,"_jetpack_memberships_contains_paywalled_content":false,"_wpcom_ai_launchpad_first_post":false,"_jetpack_feature_clip_id":0,"_jetpack_memberships_contains_paid_content":false,"footnotes":"","jetpack_post_was_ever_published":false},"categories":[47664252,711753999,38333247],"tags":[],"class_list":["post-2137","post","type-post","status-publish","format-standard","hentry","category-news","category-publikationen-ueber-internierungslager","category-resolutionen"],"jetpack_likes_enabled":true,"jetpack_sharing_enabled":true,"jetpack_shortlink":"https:\/\/wp.me\/pbKm7C-yt","jetpack_featured_media_url":"","_links":{"self":[{"href":"https:\/\/uzdm.de\/en\/wp-json\/wp\/v2\/posts\/2137","targetHints":{"allow":["GET"]}}],"collection":[{"href":"https:\/\/uzdm.de\/en\/wp-json\/wp\/v2\/posts"}],"about":[{"href":"https:\/\/uzdm.de\/en\/wp-json\/wp\/v2\/types\/post"}],"author":[{"embeddable":true,"href":"https:\/\/uzdm.de\/en\/wp-json\/wp\/v2\/users\/181093875"}],"replies":[{"embeddable":true,"href":"https:\/\/uzdm.de\/en\/wp-json\/wp\/v2\/comments?post=2137"}],"version-history":[{"count":4,"href":"https:\/\/uzdm.de\/en\/wp-json\/wp\/v2\/posts\/2137\/revisions"}],"predecessor-version":[{"id":2142,"href":"https:\/\/uzdm.de\/en\/wp-json\/wp\/v2\/posts\/2137\/revisions\/2142"}],"wp:attachment":[{"href":"https:\/\/uzdm.de\/en\/wp-json\/wp\/v2\/media?parent=2137"}],"wp:term":[{"taxonomy":"category","embeddable":true,"href":"https:\/\/uzdm.de\/en\/wp-json\/wp\/v2\/categories?post=2137"},{"taxonomy":"post_tag","embeddable":true,"href":"https:\/\/uzdm.de\/en\/wp-json\/wp\/v2\/tags?post=2137"}],"curies":[{"name":"wp","href":"https:\/\/api.w.org\/{rel}","templated":true}]}}