{"id":3371,"date":"2022-02-24T16:20:04","date_gmt":"2022-02-24T15:20:04","guid":{"rendered":"https:\/\/uzdm.de\/?p=3371"},"modified":"2022-02-24T16:22:04","modified_gmt":"2022-02-24T15:22:04","slug":"umgang-mit-uiguren-china-weist-vorwurf-der-menschenrechtsverletzung-zurueck","status":"publish","type":"post","link":"https:\/\/uzdm.de\/en\/2022\/02\/24\/umgang-mit-uiguren-china-weist-vorwurf-der-menschenrechtsverletzung-zurueck\/","title":{"rendered":"Dealing with Uyghurs: China rejects accusation of human rights violation"},"content":{"rendered":"<div data-elementor-type=\"wp-post\" data-elementor-id=\"3371\" class=\"elementor elementor-3371\">\n\t\t\t\t\t\t<section class=\"elementor-section elementor-top-section elementor-element elementor-element-087fc0d elementor-section-boxed elementor-section-height-default elementor-section-height-default\" data-id=\"087fc0d\" data-element_type=\"section\" data-e-type=\"section\">\n\t\t\t\t\t\t<div class=\"elementor-container elementor-column-gap-default\">\n\t\t\t\t\t<div class=\"elementor-column elementor-col-100 elementor-top-column elementor-element elementor-element-d6248dd\" data-id=\"d6248dd\" data-element_type=\"column\" data-e-type=\"column\">\n\t\t\t<div class=\"elementor-widget-wrap elementor-element-populated\">\n\t\t\t\t\t\t<div class=\"elementor-element elementor-element-b27bbad elementor-widget elementor-widget-text-editor\" data-id=\"b27bbad\" data-element_type=\"widget\" data-e-type=\"widget\" data-widget_type=\"text-editor.default\">\n\t\t\t\t\t\t\t\t\t<ul class=\"a-li a-li--qc\"><li class=\"a-li__i\">In China, there are tensions between the ruling Han Chinese and ethnic minorities such as the Uyghurs.<\/li><li class=\"a-li__i\">Human rights groups have accused the Chinese government of torture, abuse, and indoctrination for years.<\/li><li class=\"a-li__i\">At the Munich Security Conference, the Chinese Foreign Minister commented on the accusations.<\/li><\/ul><p><span class=\"a-l\">Munich.\u00a0<\/span>At the Munich Security Conference, China's Foreign Minister Wang Yi sharply rejected accusations about China's treatment of the Uyghur Muslim minority. He said there had \"never\" been so-called systematic forced labor or so-called re-education camps in Xinjiang province. \"These are lies that have been fabricated and spread as disinformation,\" Wang Yi, who was video-connected, said Saturday, according to a translation.<\/p><p>He added, \"You can believe me that the Chinese government is telling the truth here, you can trust our publications here.\"<\/p><h2 class=\"a-h f-fs--600\">Numerous accusations against China's government<\/h2><p class=\"a-p\">Human rights groups estimate that hundreds of thousands of Uyghurs and other members of minorities have been placed in re-education camps in Xinjiang in recent years. There are allegations of torture, abuse, and indoctrination. There is tension in Xinjiang between the ruling Han Chinese and ethnic minorities. Uighurs complain of cultural and religious oppression. Beijing accuses them of separatism and terrorism. <a href=\"https:\/\/www.rnd.de\/politik\/chinas-umgang-mit-uiguren-aussenminister-weist-vorwurf-der-menschenrechtsverletzung-zurueck-AQ2UHTHK4QBVQGU2FDBOTVY654.html\" target=\"_blank\" rel=\"noopener\">read more<\/a><\/p>\t\t\t\t\t\t\t\t<\/div>\n\t\t\t\t\t<\/div>\n\t\t<\/div>\n\t\t\t\t\t<\/div>\n\t\t<\/section>\n\t\t\t\t<\/div>","protected":false},"excerpt":{"rendered":"<p>In China gibt es Spannungen zwischen den herrschenden Han-Chinesen und ethnischen Minderheiten wie den Uiguren. Menschenrechtsgruppen werfen der chinesischen Regierung seit Jahren Folter, Misshandlungen und Indoktrinierung vor. Bei der M\u00fcnchner Sicherheitskonferenz hat sich der chinesische Au\u00dfenminister zu den Vorw\u00fcrfen ge\u00e4u\u00dfert. M\u00fcnchen.\u00a0Chinas Au\u00dfenminister Wang Yi hat auf der M\u00fcnchner Sicherheitskonferenz Vorhaltungen wegen Chinas Umgang mit der [&hellip;]<\/p>\n","protected":false},"author":181093875,"featured_media":0,"comment_status":"open","ping_status":"open","sticky":false,"template":"","format":"standard","meta":{"advanced_seo_description":"","jetpack_seo_html_title":"","jetpack_seo_noindex":false,"jetpack_seo_schema_type":"","_jetpack_newsletter_access":"","_jetpack_dont_email_post_to_subs":false,"_jetpack_newsletter_tier_id":0,"_jetpack_memberships_contains_paywalled_content":false,"_wpcom_ai_launchpad_first_post":false,"_jetpack_feature_clip_id":0,"_jetpack_memberships_contains_paid_content":false,"footnotes":"","jetpack_post_was_ever_published":false},"categories":[47664252],"tags":[],"class_list":["post-3371","post","type-post","status-publish","format-standard","hentry","category-news"],"jetpack_likes_enabled":true,"jetpack_sharing_enabled":true,"jetpack_shortlink":"https:\/\/wp.me\/pbKm7C-Sn","jetpack_featured_media_url":"","_links":{"self":[{"href":"https:\/\/uzdm.de\/en\/wp-json\/wp\/v2\/posts\/3371","targetHints":{"allow":["GET"]}}],"collection":[{"href":"https:\/\/uzdm.de\/en\/wp-json\/wp\/v2\/posts"}],"about":[{"href":"https:\/\/uzdm.de\/en\/wp-json\/wp\/v2\/types\/post"}],"author":[{"embeddable":true,"href":"https:\/\/uzdm.de\/en\/wp-json\/wp\/v2\/users\/181093875"}],"replies":[{"embeddable":true,"href":"https:\/\/uzdm.de\/en\/wp-json\/wp\/v2\/comments?post=3371"}],"version-history":[{"count":4,"href":"https:\/\/uzdm.de\/en\/wp-json\/wp\/v2\/posts\/3371\/revisions"}],"predecessor-version":[{"id":3376,"href":"https:\/\/uzdm.de\/en\/wp-json\/wp\/v2\/posts\/3371\/revisions\/3376"}],"wp:attachment":[{"href":"https:\/\/uzdm.de\/en\/wp-json\/wp\/v2\/media?parent=3371"}],"wp:term":[{"taxonomy":"category","embeddable":true,"href":"https:\/\/uzdm.de\/en\/wp-json\/wp\/v2\/categories?post=3371"},{"taxonomy":"post_tag","embeddable":true,"href":"https:\/\/uzdm.de\/en\/wp-json\/wp\/v2\/tags?post=3371"}],"curies":[{"name":"wp","href":"https:\/\/api.w.org\/{rel}","templated":true}]}}