{"id":3574,"date":"2022-06-15T11:48:32","date_gmt":"2022-06-15T09:48:32","guid":{"rendered":"https:\/\/uzdm.de\/?p=3574"},"modified":"2022-06-15T11:50:33","modified_gmt":"2022-06-15T09:50:33","slug":"israel-unterzeichnet-erklaerung-gegen-chinas-behandlung-der-uiguren-vor-dem-unhrc","status":"publish","type":"post","link":"https:\/\/uzdm.de\/en\/2022\/06\/15\/israel-unterzeichnet-erklaerung-gegen-chinas-behandlung-der-uiguren-vor-dem-unhrc\/","title":{"rendered":"Israel signs statement against China's treatment of Uyghurs at UNHRC"},"content":{"rendered":"<div data-elementor-type=\"wp-post\" data-elementor-id=\"3574\" class=\"elementor elementor-3574\">\n\t\t\t\t\t\t<section class=\"elementor-section elementor-top-section elementor-element elementor-element-5251bf4 elementor-section-boxed elementor-section-height-default elementor-section-height-default\" data-id=\"5251bf4\" data-element_type=\"section\" data-e-type=\"section\">\n\t\t\t\t\t\t<div class=\"elementor-container elementor-column-gap-default\">\n\t\t\t\t\t<div class=\"elementor-column elementor-col-100 elementor-top-column elementor-element elementor-element-c67da52\" data-id=\"c67da52\" data-element_type=\"column\" data-e-type=\"column\">\n\t\t\t<div class=\"elementor-widget-wrap elementor-element-populated\">\n\t\t\t\t\t\t<div class=\"elementor-element elementor-element-6a8593f elementor-widget elementor-widget-text-editor\" data-id=\"6a8593f\" data-element_type=\"widget\" data-e-type=\"widget\" data-widget_type=\"text-editor.default\">\n\t\t\t\t\t\t\t\t\t<p><strong>Israel joined a 47-country bloc that denounced China's forced imprisonment of Uyghur Muslims at the United Nation's Human Rights Council on Tuesday.<\/strong><\/p><p>\"We continue to be gravely concerned about the human rights situation in Xinjiang Uyghur Autonomous Region,\" said Dutch Ambassador Paul Bekkers as he read out the statement during the second day of the UNHRCC's 50th session in Geneva.<\/p><p>It's the second year in a row that Israeli has signed onto such a statement. Last year, the initiative to highlight China's human rights abuses was led by Canada, with the support of the United States and many European countries. This year it was spearheaded by the Netherlands. Israel, however, declined to sign a similar statement read out in the fall at the United Nations General Assembly in New York. <a href=\"https:\/\/www.jpost.com\/israel-news\/article-709426\" target=\"_blank\" rel=\"noopener\">read more<\/a><\/p>\t\t\t\t\t\t\t\t<\/div>\n\t\t\t\t\t<\/div>\n\t\t<\/div>\n\t\t\t\t\t<\/div>\n\t\t<\/section>\n\t\t\t\t<\/div>","protected":false},"excerpt":{"rendered":"<p>Israel schloss sich einer Gruppe von 47 L\u00e4ndern an, die am Dienstag vor dem Menschenrechtsrat der Vereinten Nationen die Zwangsinhaftierung uigurischer Muslime durch China anprangerte. &#8222;Wir sind nach wie vor sehr besorgt \u00fcber die Menschenrechtslage in der Uigurischen Autonomen Region Xinjiang&#8220;, sagte der niederl\u00e4ndische Botschafter Paul Bekkers bei der Verlesung der Erkl\u00e4rung am zweiten Tag [&hellip;]<\/p>\n","protected":false},"author":181093875,"featured_media":0,"comment_status":"open","ping_status":"open","sticky":false,"template":"","format":"standard","meta":{"advanced_seo_description":"","jetpack_seo_html_title":"","jetpack_seo_noindex":false,"jetpack_seo_schema_type":"","_jetpack_newsletter_access":"","_jetpack_dont_email_post_to_subs":false,"_jetpack_newsletter_tier_id":0,"_jetpack_memberships_contains_paywalled_content":false,"_wpcom_ai_launchpad_first_post":false,"_jetpack_feature_clip_id":0,"_jetpack_memberships_contains_paid_content":false,"footnotes":"","jetpack_post_was_ever_published":false},"categories":[47664252],"tags":[],"class_list":["post-3574","post","type-post","status-publish","format-standard","hentry","category-news"],"jetpack_likes_enabled":true,"jetpack_sharing_enabled":true,"jetpack_shortlink":"https:\/\/wp.me\/pbKm7C-VE","jetpack_featured_media_url":"","_links":{"self":[{"href":"https:\/\/uzdm.de\/en\/wp-json\/wp\/v2\/posts\/3574","targetHints":{"allow":["GET"]}}],"collection":[{"href":"https:\/\/uzdm.de\/en\/wp-json\/wp\/v2\/posts"}],"about":[{"href":"https:\/\/uzdm.de\/en\/wp-json\/wp\/v2\/types\/post"}],"author":[{"embeddable":true,"href":"https:\/\/uzdm.de\/en\/wp-json\/wp\/v2\/users\/181093875"}],"replies":[{"embeddable":true,"href":"https:\/\/uzdm.de\/en\/wp-json\/wp\/v2\/comments?post=3574"}],"version-history":[{"count":4,"href":"https:\/\/uzdm.de\/en\/wp-json\/wp\/v2\/posts\/3574\/revisions"}],"predecessor-version":[{"id":3578,"href":"https:\/\/uzdm.de\/en\/wp-json\/wp\/v2\/posts\/3574\/revisions\/3578"}],"wp:attachment":[{"href":"https:\/\/uzdm.de\/en\/wp-json\/wp\/v2\/media?parent=3574"}],"wp:term":[{"taxonomy":"category","embeddable":true,"href":"https:\/\/uzdm.de\/en\/wp-json\/wp\/v2\/categories?post=3574"},{"taxonomy":"post_tag","embeddable":true,"href":"https:\/\/uzdm.de\/en\/wp-json\/wp\/v2\/tags?post=3574"}],"curies":[{"name":"wp","href":"https:\/\/api.w.org\/{rel}","templated":true}]}}