{"id":3583,"date":"2022-06-17T14:23:44","date_gmt":"2022-06-17T12:23:44","guid":{"rendered":"https:\/\/uzdm.de\/?p=3583"},"modified":"2022-06-17T14:26:21","modified_gmt":"2022-06-17T12:26:21","slug":"un-menschenrechtschef-konnte-bei-besuch-in-xinjiang-nicht-mit-inhaftierten-uiguren-oder-deren-familien-sprechen","status":"publish","type":"post","link":"https:\/\/uzdm.de\/en\/2022\/06\/17\/un-menschenrechtschef-konnte-bei-besuch-in-xinjiang-nicht-mit-inhaftierten-uiguren-oder-deren-familien-sprechen\/","title":{"rendered":"UN human rights chief could not speak to detained Uyghurs or families during Xinjiang visit"},"content":{"rendered":"<div data-elementor-type=\"wp-post\" data-elementor-id=\"3583\" class=\"elementor elementor-3583\">\n\t\t\t\t\t\t<section class=\"elementor-section elementor-top-section elementor-element elementor-element-b05dea8 elementor-section-boxed elementor-section-height-default elementor-section-height-default\" data-id=\"b05dea8\" data-element_type=\"section\" data-e-type=\"section\">\n\t\t\t\t\t\t<div class=\"elementor-container elementor-column-gap-default\">\n\t\t\t\t\t<div class=\"elementor-column elementor-col-100 elementor-top-column elementor-element elementor-element-d76fac6\" data-id=\"d76fac6\" data-element_type=\"column\" data-e-type=\"column\">\n\t\t\t<div class=\"elementor-widget-wrap elementor-element-populated\">\n\t\t\t\t\t\t<div class=\"elementor-element elementor-element-b2c9e1a elementor-widget elementor-widget-text-editor\" data-id=\"b2c9e1a\" data-element_type=\"widget\" data-e-type=\"widget\" data-widget_type=\"text-editor.default\">\n\t\t\t\t\t\t\t\t\t<p><strong>Michelle Bachelet says she was supervised by China officials throughout six-day visit that critics have called a propaganda coup for Beijing.<\/strong><\/p><p>Michelle Bachelet has said wasn\u2019t able to speak to any detained Uyghurs or their families during her controversial visit to Xinjiang, and was accompanied by government officials while in the region.<\/p><p>The UN human rights chief, who this week announced she would not be seeking another term, told a session of the 50th Human Rights Council in Geneva that there were limitations on her visit to the region in China, where authorities have been accused of committing crimes against humanity and genocide against the Uyghurs and other Muslim minorities.<\/p><p>Bachelet and a team from the Office of the High Commissioner for Human Rights (OHCHR) spent six days in Guangdong and Xinjiang for a visit that activists and some western governments described as a propaganda coup for the Chinese government. <a href=\"https:\/\/www.theguardian.com\/world\/2022\/jun\/16\/un-human-rights-chief-could-not-speak-to-detained-uyghurs-or-families-during-xinjiang-visit\" target=\"_blank\" rel=\"noopener\">read more<\/a><\/p>\t\t\t\t\t\t\t\t<\/div>\n\t\t\t\t\t<\/div>\n\t\t<\/div>\n\t\t\t\t\t<\/div>\n\t\t<\/section>\n\t\t\t\t<\/div>","protected":false},"excerpt":{"rendered":"<p>Michelle Bachelet sagt, sie sei w\u00e4hrend ihres sechst\u00e4gigen Besuchs, den Kritiker als Propaganda-Coup Pekings bezeichnet haben, von chinesischen Beamten \u00fcberwacht worden. Michelle Bachelet hat erkl\u00e4rt, dass sie w\u00e4hrend ihres umstrittenen Besuchs in Xinjiang weder mit inhaftierten Uiguren noch mit deren Familien sprechen konnte und w\u00e4hrend ihres Aufenthalts in der Region von Regierungsbeamten begleitet wurde. Die [&hellip;]<\/p>\n","protected":false},"author":181093875,"featured_media":0,"comment_status":"open","ping_status":"open","sticky":false,"template":"","format":"standard","meta":{"advanced_seo_description":"","jetpack_seo_html_title":"","jetpack_seo_noindex":false,"jetpack_seo_schema_type":"","_jetpack_newsletter_access":"","_jetpack_dont_email_post_to_subs":false,"_jetpack_newsletter_tier_id":0,"_jetpack_memberships_contains_paywalled_content":false,"_wpcom_ai_launchpad_first_post":false,"_jetpack_feature_clip_id":0,"_jetpack_memberships_contains_paid_content":false,"footnotes":"","jetpack_post_was_ever_published":false},"categories":[47664252],"tags":[],"class_list":["post-3583","post","type-post","status-publish","format-standard","hentry","category-news"],"jetpack_likes_enabled":true,"jetpack_sharing_enabled":true,"jetpack_shortlink":"https:\/\/wp.me\/pbKm7C-VN","jetpack_featured_media_url":"","_links":{"self":[{"href":"https:\/\/uzdm.de\/en\/wp-json\/wp\/v2\/posts\/3583","targetHints":{"allow":["GET"]}}],"collection":[{"href":"https:\/\/uzdm.de\/en\/wp-json\/wp\/v2\/posts"}],"about":[{"href":"https:\/\/uzdm.de\/en\/wp-json\/wp\/v2\/types\/post"}],"author":[{"embeddable":true,"href":"https:\/\/uzdm.de\/en\/wp-json\/wp\/v2\/users\/181093875"}],"replies":[{"embeddable":true,"href":"https:\/\/uzdm.de\/en\/wp-json\/wp\/v2\/comments?post=3583"}],"version-history":[{"count":4,"href":"https:\/\/uzdm.de\/en\/wp-json\/wp\/v2\/posts\/3583\/revisions"}],"predecessor-version":[{"id":3588,"href":"https:\/\/uzdm.de\/en\/wp-json\/wp\/v2\/posts\/3583\/revisions\/3588"}],"wp:attachment":[{"href":"https:\/\/uzdm.de\/en\/wp-json\/wp\/v2\/media?parent=3583"}],"wp:term":[{"taxonomy":"category","embeddable":true,"href":"https:\/\/uzdm.de\/en\/wp-json\/wp\/v2\/categories?post=3583"},{"taxonomy":"post_tag","embeddable":true,"href":"https:\/\/uzdm.de\/en\/wp-json\/wp\/v2\/tags?post=3583"}],"curies":[{"name":"wp","href":"https:\/\/api.w.org\/{rel}","templated":true}]}}